{"id":7831,"date":"2022-03-25T10:16:26","date_gmt":"2022-03-25T10:16:26","guid":{"rendered":"https:\/\/franciscodevitoria.eus\/basquetour-firma-un-convenio-con-los-tres-centros-publicos-de-fp-de-turismo-para-colaborar-en-la-formacion-del-alumnado\/"},"modified":"2022-04-07T10:16:40","modified_gmt":"2022-04-07T10:16:40","slug":"basquetour-firma-un-convenio-con-los-tres-centros-publicos-de-fp-de-turismo-para-colaborar-en-la-formacion-del-alumnado","status":"publish","type":"post","link":"https:\/\/franciscodevitoria.eus\/eu\/basquetour-firma-un-convenio-con-los-tres-centros-publicos-de-fp-de-turismo-para-colaborar-en-la-formacion-del-alumnado\/","title":{"rendered":"Basquetour firma un convenio con los tres centros p\u00fablicos de FP de Turismo para colaborar en la formaci\u00f3n del alumnado"},"content":{"rendered":"<p style=\"text-align: justify;\">Daniel Solana, director de Basquetour y Nerea Fern\u00e1ndez de Ortega, Leire Bustingorri y Cristina Arrien, jefas de los departamentos de Turismo de los centros IES Francisco de Vitoria BHI, de Vitoria-Gasteiz, IES Xabier Zubiri Manteo BHI, de San Sebasti\u00e1n y CIFP Elorrieta-Erreka Mari LHII, de Bilbao, respectivamente, han firmado un acuerdo de colaboraci\u00f3n con el objetivo de que el alumnado pueda completar la formaci\u00f3n y la adquisici\u00f3n de las competencias requeridas en los ciclos de turismo.<\/p>\n<p style=\"text-align: justify;\">El acuerdo establece que la Agencia Vasca de Turismo deber\u00e1 asegurar\u00a0<strong>la presencia del alumnado de los centros en la atenci\u00f3n de los stands del Gobierno Vasco en las ferias estatales m\u00e1s importantes, especialmente Fitur, Sevatur y Expovacaciones u otras ferias estatales o internacionales a las que acuda el Gobierno para promocionar el destino Euskadi-Basque Country.<\/strong><\/p>\n<p style=\"text-align: justify;\">Adem\u00e1s, acoger\u00e1 a una serie de alumnos y alumnas de\u00a0<strong>pr\u00e1cticas presenciales, por a\u00f1o, en la sede de Basquetour<\/strong>\u00a0e informar\u00e1 a los centros de aquellos foros, eventos y jornadas que se considere pueden serles de inter\u00e9s, garantizando, en la medida de lo posible, la asistencia de profesorado y alumnado.<\/p>\n<p style=\"text-align: justify;\">Asimismo, el personal de Basquetour o del sector tur\u00edstico impartir\u00e1\u00a0<strong>cursos, charlas y jornadas formativas en los distintos centros y fomentar\u00e1 que empresas tur\u00edsticas vascas acojan alumnos y alumnas en pr\u00e1cticas<\/strong>\u00a0(agencias de viaje, gu\u00edas\u2026), adoptando cualquier medida para motivar a las empresas en este sentido.<\/p>\n<p style=\"text-align: justify;\">Por su parte, los centros deber\u00e1n concretar las necesidades de pr\u00e1cticas del alumnado para designar, junto con la direcci\u00f3n de Basquetour, las \u00e1reas de la Agencia en las que se realizar\u00e1n las pr\u00e1cticas, que ser\u00e1n un a\u00f1o por centro, de manera rotativa.<\/p>\n<p style=\"text-align: justify;\">Los centros tambi\u00e9n garantizar\u00e1n la vigilancia y el correcto trabajo del alumnado en su asistencia a eventos, ferias o su presencia en Basquetour, y coordinar\u00e1n el seguimiento de todas las acciones, que se incluir\u00e1n en una memoria anual.<\/p>\n<p style=\"text-align: justify;\">Nerea Fernandez de Ortega, responsable del Ciclo de Gu\u00eda, Informaci\u00f3n y Asistencias Tur\u00edsticas del IES Francisco de Vitoria, destaca que \u201c<strong>es la primera vez que los centros p\u00fablicos de FP de Turismo, pertenecientes a la red Ikaslan, firman un convenio de esta envergadura con instituciones p\u00fablicas y agradece a Basquetour toda su implicaci\u00f3n, ya que esto significa un paso muy importante y una magn\u00edfica oportunidad de aprendizaje para el alumnado de los centros p\u00fablicos de FP\u201d.<\/strong><strong>\u00a0<\/strong><\/p>\n<p style=\"text-align: justify;\">Por su parte, el director de Basquetour ha subrayado que \u201ceste tipo de convenios de colaboraci\u00f3n son estrat\u00e9gicos para la Agencia y ayudan a que Euskadi cuente con profesionales del turismo m\u00e1s competentes y mejor formados en diferentes \u00e1reas del sector, tanto p\u00fablicas como privadas\u201d.<\/p>\n<div class=\"noti_enlaces\" style=\"text-align: justify;\"><\/div>\n","protected":false},"excerpt":{"rendered":"<p>Daniel Solana, director de Basquetour y Nerea Fern\u00e1ndez de Ortega, Leire Bustingorri y Cristina Arrien, jefas de los departamentos de Turismo de los centros IES Francisco de Vitoria BHI, de Vitoria-Gasteiz, IES Xabier Zubiri Manteo BHI, de San Sebasti\u00e1n y CIFP Elorrieta-Erreka Mari LHII, de Bilbao, respectivamente, han firmado un acuerdo de colaboraci\u00f3n con el&hellip;<\/p>\n","protected":false},"author":1,"featured_media":7821,"comment_status":"open","ping_status":"open","sticky":false,"template":"","format":"standard","meta":{"_acf_changed":false,"_settagord":"","footnotes":""},"categories":[97],"tags":[99],"post_series":[],"class_list":["post-7831","post","type-post","status-publish","format-standard","has-post-thumbnail","hentry","category-noticias-eu","tag-normal-eu","entry","has-media"],"acf":[],"yoast_head":"<!-- This site is optimized with the Yoast SEO plugin v27.4 - https:\/\/yoast.com\/product\/yoast-seo-wordpress\/ -->\n<title>Basquetour firma un convenio con los tres centros p\u00fablicos de FP de Turismo para colaborar en la formaci\u00f3n del alumnado - IES Francisco de Vitoria BHI<\/title>\n<meta name=\"robots\" content=\"index, follow, max-snippet:-1, max-image-preview:large, max-video-preview:-1\" \/>\n<link rel=\"canonical\" href=\"https:\/\/franciscodevitoria.eus\/eu\/basquetour-firma-un-convenio-con-los-tres-centros-publicos-de-fp-de-turismo-para-colaborar-en-la-formacion-del-alumnado\/\" \/>\n<meta property=\"og:locale\" content=\"eu_ES\" \/>\n<meta property=\"og:type\" content=\"article\" \/>\n<meta property=\"og:title\" content=\"Basquetour firma un convenio con los tres centros p\u00fablicos de FP de Turismo para colaborar en la formaci\u00f3n del alumnado - IES Francisco de Vitoria BHI\" \/>\n<meta property=\"og:description\" content=\"Daniel Solana, director de Basquetour y Nerea Fern\u00e1ndez de Ortega, Leire Bustingorri y Cristina Arrien, jefas de los departamentos de Turismo de los centros IES Francisco de Vitoria BHI, de Vitoria-Gasteiz, IES Xabier Zubiri Manteo BHI, de San Sebasti\u00e1n y CIFP Elorrieta-Erreka Mari LHII, de Bilbao, respectivamente, han firmado un acuerdo de colaboraci\u00f3n con el&hellip;\" \/>\n<meta property=\"og:url\" content=\"https:\/\/franciscodevitoria.eus\/eu\/basquetour-firma-un-convenio-con-los-tres-centros-publicos-de-fp-de-turismo-para-colaborar-en-la-formacion-del-alumnado\/\" \/>\n<meta property=\"og:site_name\" content=\"IES Francisco de Vitoria BHI\" \/>\n<meta property=\"article:publisher\" content=\"https:\/\/www.facebook.com\/IES-Francisco-de-Vitoria-BHI-189128608245045\/\" \/>\n<meta property=\"article:published_time\" content=\"2022-03-25T10:16:26+00:00\" \/>\n<meta property=\"article:modified_time\" content=\"2022-04-07T10:16:40+00:00\" \/>\n<meta property=\"og:image\" content=\"https:\/\/franciscodevitoria.eus\/wp-content\/uploads\/2022\/03\/noti_principal_03.jpg\" \/>\n\t<meta property=\"og:image:width\" content=\"1600\" \/>\n\t<meta property=\"og:image:height\" content=\"1200\" \/>\n\t<meta property=\"og:image:type\" content=\"image\/jpeg\" \/>\n<meta name=\"author\" content=\"komunika\" \/>\n<meta name=\"twitter:card\" content=\"summary_large_image\" \/>\n<meta name=\"twitter:creator\" content=\"@IES_FDV_BHI\" \/>\n<meta name=\"twitter:site\" content=\"@IES_FDV_BHI\" \/>\n<meta name=\"twitter:label1\" content=\"Written by\" \/>\n\t<meta name=\"twitter:data1\" content=\"komunika\" \/>\n\t<meta name=\"twitter:label2\" content=\"Est. reading time\" \/>\n\t<meta name=\"twitter:data2\" content=\"2 minutes\" \/>\n<script type=\"application\/ld+json\" class=\"yoast-schema-graph\">{\"@context\":\"https:\\\/\\\/schema.org\",\"@graph\":[{\"@type\":\"Article\",\"@id\":\"https:\\\/\\\/franciscodevitoria.eus\\\/eu\\\/basquetour-firma-un-convenio-con-los-tres-centros-publicos-de-fp-de-turismo-para-colaborar-en-la-formacion-del-alumnado\\\/#article\",\"isPartOf\":{\"@id\":\"https:\\\/\\\/franciscodevitoria.eus\\\/eu\\\/basquetour-firma-un-convenio-con-los-tres-centros-publicos-de-fp-de-turismo-para-colaborar-en-la-formacion-del-alumnado\\\/\"},\"author\":{\"name\":\"komunika\",\"@id\":\"https:\\\/\\\/franciscodevitoria.eus\\\/#\\\/schema\\\/person\\\/5a019060cfe53ae2be38b9f103876ca5\"},\"headline\":\"Basquetour firma un convenio con los tres centros p\u00fablicos de FP de Turismo para colaborar en la formaci\u00f3n del alumnado\",\"datePublished\":\"2022-03-25T10:16:26+00:00\",\"dateModified\":\"2022-04-07T10:16:40+00:00\",\"mainEntityOfPage\":{\"@id\":\"https:\\\/\\\/franciscodevitoria.eus\\\/eu\\\/basquetour-firma-un-convenio-con-los-tres-centros-publicos-de-fp-de-turismo-para-colaborar-en-la-formacion-del-alumnado\\\/\"},\"wordCount\":489,\"commentCount\":0,\"publisher\":{\"@id\":\"https:\\\/\\\/franciscodevitoria.eus\\\/#organization\"},\"image\":{\"@id\":\"https:\\\/\\\/franciscodevitoria.eus\\\/eu\\\/basquetour-firma-un-convenio-con-los-tres-centros-publicos-de-fp-de-turismo-para-colaborar-en-la-formacion-del-alumnado\\\/#primaryimage\"},\"thumbnailUrl\":\"https:\\\/\\\/franciscodevitoria.eus\\\/wp-content\\\/uploads\\\/2022\\\/03\\\/noti_principal_03.jpg\",\"keywords\":[\"Arrunta\"],\"articleSection\":[\"Albisteak\"],\"inLanguage\":\"eu-ES\",\"potentialAction\":[{\"@type\":\"CommentAction\",\"name\":\"Comment\",\"target\":[\"https:\\\/\\\/franciscodevitoria.eus\\\/eu\\\/basquetour-firma-un-convenio-con-los-tres-centros-publicos-de-fp-de-turismo-para-colaborar-en-la-formacion-del-alumnado\\\/#respond\"]}]},{\"@type\":\"WebPage\",\"@id\":\"https:\\\/\\\/franciscodevitoria.eus\\\/eu\\\/basquetour-firma-un-convenio-con-los-tres-centros-publicos-de-fp-de-turismo-para-colaborar-en-la-formacion-del-alumnado\\\/\",\"url\":\"https:\\\/\\\/franciscodevitoria.eus\\\/eu\\\/basquetour-firma-un-convenio-con-los-tres-centros-publicos-de-fp-de-turismo-para-colaborar-en-la-formacion-del-alumnado\\\/\",\"name\":\"Basquetour firma un convenio con los tres centros p\u00fablicos de FP de Turismo para colaborar en la formaci\u00f3n del alumnado - IES Francisco de Vitoria BHI\",\"isPartOf\":{\"@id\":\"https:\\\/\\\/franciscodevitoria.eus\\\/#website\"},\"primaryImageOfPage\":{\"@id\":\"https:\\\/\\\/franciscodevitoria.eus\\\/eu\\\/basquetour-firma-un-convenio-con-los-tres-centros-publicos-de-fp-de-turismo-para-colaborar-en-la-formacion-del-alumnado\\\/#primaryimage\"},\"image\":{\"@id\":\"https:\\\/\\\/franciscodevitoria.eus\\\/eu\\\/basquetour-firma-un-convenio-con-los-tres-centros-publicos-de-fp-de-turismo-para-colaborar-en-la-formacion-del-alumnado\\\/#primaryimage\"},\"thumbnailUrl\":\"https:\\\/\\\/franciscodevitoria.eus\\\/wp-content\\\/uploads\\\/2022\\\/03\\\/noti_principal_03.jpg\",\"datePublished\":\"2022-03-25T10:16:26+00:00\",\"dateModified\":\"2022-04-07T10:16:40+00:00\",\"breadcrumb\":{\"@id\":\"https:\\\/\\\/franciscodevitoria.eus\\\/eu\\\/basquetour-firma-un-convenio-con-los-tres-centros-publicos-de-fp-de-turismo-para-colaborar-en-la-formacion-del-alumnado\\\/#breadcrumb\"},\"inLanguage\":\"eu-ES\",\"potentialAction\":[{\"@type\":\"ReadAction\",\"target\":[\"https:\\\/\\\/franciscodevitoria.eus\\\/eu\\\/basquetour-firma-un-convenio-con-los-tres-centros-publicos-de-fp-de-turismo-para-colaborar-en-la-formacion-del-alumnado\\\/\"]}]},{\"@type\":\"ImageObject\",\"inLanguage\":\"eu-ES\",\"@id\":\"https:\\\/\\\/franciscodevitoria.eus\\\/eu\\\/basquetour-firma-un-convenio-con-los-tres-centros-publicos-de-fp-de-turismo-para-colaborar-en-la-formacion-del-alumnado\\\/#primaryimage\",\"url\":\"https:\\\/\\\/franciscodevitoria.eus\\\/wp-content\\\/uploads\\\/2022\\\/03\\\/noti_principal_03.jpg\",\"contentUrl\":\"https:\\\/\\\/franciscodevitoria.eus\\\/wp-content\\\/uploads\\\/2022\\\/03\\\/noti_principal_03.jpg\",\"width\":1600,\"height\":1200},{\"@type\":\"BreadcrumbList\",\"@id\":\"https:\\\/\\\/franciscodevitoria.eus\\\/eu\\\/basquetour-firma-un-convenio-con-los-tres-centros-publicos-de-fp-de-turismo-para-colaborar-en-la-formacion-del-alumnado\\\/#breadcrumb\",\"itemListElement\":[{\"@type\":\"ListItem\",\"position\":1,\"name\":\"Portada\",\"item\":\"https:\\\/\\\/franciscodevitoria.eus\\\/eu\\\/\"},{\"@type\":\"ListItem\",\"position\":2,\"name\":\"Basquetour firma un convenio con los tres centros&hellip;\"}]},{\"@type\":\"WebSite\",\"@id\":\"https:\\\/\\\/franciscodevitoria.eus\\\/#website\",\"url\":\"https:\\\/\\\/franciscodevitoria.eus\\\/\",\"name\":\"IES Francisco de Vitoria BHI\",\"description\":\"Instituto de Ense\u00f1anza Secundaria - Francisco de Vitoria en Vitoria-Gasteiz (Araba)\",\"publisher\":{\"@id\":\"https:\\\/\\\/franciscodevitoria.eus\\\/#organization\"},\"alternateName\":\"IES Francisco de Vitoria BHI\",\"potentialAction\":[{\"@type\":\"SearchAction\",\"target\":{\"@type\":\"EntryPoint\",\"urlTemplate\":\"https:\\\/\\\/franciscodevitoria.eus\\\/?s={search_term_string}\"},\"query-input\":{\"@type\":\"PropertyValueSpecification\",\"valueRequired\":true,\"valueName\":\"search_term_string\"}}],\"inLanguage\":\"eu-ES\"},{\"@type\":\"Organization\",\"@id\":\"https:\\\/\\\/franciscodevitoria.eus\\\/#organization\",\"name\":\"IES Francisco de Vitoria BHI\",\"url\":\"https:\\\/\\\/franciscodevitoria.eus\\\/\",\"logo\":{\"@type\":\"ImageObject\",\"inLanguage\":\"eu-ES\",\"@id\":\"https:\\\/\\\/franciscodevitoria.eus\\\/#\\\/schema\\\/logo\\\/image\\\/\",\"url\":\"https:\\\/\\\/franciscodevitoria.eus\\\/wp-content\\\/uploads\\\/2022\\\/04\\\/logo_francisco_vitoria_mail.png\",\"contentUrl\":\"https:\\\/\\\/franciscodevitoria.eus\\\/wp-content\\\/uploads\\\/2022\\\/04\\\/logo_francisco_vitoria_mail.png\",\"width\":180,\"height\":78,\"caption\":\"IES Francisco de Vitoria BHI\"},\"image\":{\"@id\":\"https:\\\/\\\/franciscodevitoria.eus\\\/#\\\/schema\\\/logo\\\/image\\\/\"},\"sameAs\":[\"https:\\\/\\\/www.facebook.com\\\/IES-Francisco-de-Vitoria-BHI-189128608245045\\\/\",\"https:\\\/\\\/x.com\\\/IES_FDV_BHI\",\"https:\\\/\\\/www.instagram.com\\\/omij_fdv\\\/\",\"https:\\\/\\\/www.youtube.com\\\/@FDVStreaming\\\/streams\"]},{\"@type\":\"Person\",\"@id\":\"https:\\\/\\\/franciscodevitoria.eus\\\/#\\\/schema\\\/person\\\/5a019060cfe53ae2be38b9f103876ca5\",\"name\":\"komunika\",\"image\":{\"@type\":\"ImageObject\",\"inLanguage\":\"eu-ES\",\"@id\":\"https:\\\/\\\/secure.gravatar.com\\\/avatar\\\/a22f2ac29ef785448617c06f66acb86e91041eb5ff01e3e6145cdc0af3989762?s=96&d=mm&r=g\",\"url\":\"https:\\\/\\\/secure.gravatar.com\\\/avatar\\\/a22f2ac29ef785448617c06f66acb86e91041eb5ff01e3e6145cdc0af3989762?s=96&d=mm&r=g\",\"contentUrl\":\"https:\\\/\\\/secure.gravatar.com\\\/avatar\\\/a22f2ac29ef785448617c06f66acb86e91041eb5ff01e3e6145cdc0af3989762?s=96&d=mm&r=g\",\"caption\":\"komunika\"},\"sameAs\":[\"http:\\\/\\\/franciscodevitoria.eus\"],\"url\":\"https:\\\/\\\/franciscodevitoria.eus\\\/eu\\\/author\\\/komunika\\\/\"}]}<\/script>\n<!-- \/ Yoast SEO plugin. -->","yoast_head_json":{"title":"Basquetour firma un convenio con los tres centros p\u00fablicos de FP de Turismo para colaborar en la formaci\u00f3n del alumnado - IES Francisco de Vitoria BHI","robots":{"index":"index","follow":"follow","max-snippet":"max-snippet:-1","max-image-preview":"max-image-preview:large","max-video-preview":"max-video-preview:-1"},"canonical":"https:\/\/franciscodevitoria.eus\/eu\/basquetour-firma-un-convenio-con-los-tres-centros-publicos-de-fp-de-turismo-para-colaborar-en-la-formacion-del-alumnado\/","og_locale":"eu_ES","og_type":"article","og_title":"Basquetour firma un convenio con los tres centros p\u00fablicos de FP de Turismo para colaborar en la formaci\u00f3n del alumnado - IES Francisco de Vitoria BHI","og_description":"Daniel Solana, director de Basquetour y Nerea Fern\u00e1ndez de Ortega, Leire Bustingorri y Cristina Arrien, jefas de los departamentos de Turismo de los centros IES Francisco de Vitoria BHI, de Vitoria-Gasteiz, IES Xabier Zubiri Manteo BHI, de San Sebasti\u00e1n y CIFP Elorrieta-Erreka Mari LHII, de Bilbao, respectivamente, han firmado un acuerdo de colaboraci\u00f3n con el&hellip;","og_url":"https:\/\/franciscodevitoria.eus\/eu\/basquetour-firma-un-convenio-con-los-tres-centros-publicos-de-fp-de-turismo-para-colaborar-en-la-formacion-del-alumnado\/","og_site_name":"IES Francisco de Vitoria BHI","article_publisher":"https:\/\/www.facebook.com\/IES-Francisco-de-Vitoria-BHI-189128608245045\/","article_published_time":"2022-03-25T10:16:26+00:00","article_modified_time":"2022-04-07T10:16:40+00:00","og_image":[{"width":1600,"height":1200,"url":"https:\/\/franciscodevitoria.eus\/wp-content\/uploads\/2022\/03\/noti_principal_03.jpg","type":"image\/jpeg"}],"author":"komunika","twitter_card":"summary_large_image","twitter_creator":"@IES_FDV_BHI","twitter_site":"@IES_FDV_BHI","twitter_misc":{"Written by":"komunika","Est. reading time":"2 minutes"},"schema":{"@context":"https:\/\/schema.org","@graph":[{"@type":"Article","@id":"https:\/\/franciscodevitoria.eus\/eu\/basquetour-firma-un-convenio-con-los-tres-centros-publicos-de-fp-de-turismo-para-colaborar-en-la-formacion-del-alumnado\/#article","isPartOf":{"@id":"https:\/\/franciscodevitoria.eus\/eu\/basquetour-firma-un-convenio-con-los-tres-centros-publicos-de-fp-de-turismo-para-colaborar-en-la-formacion-del-alumnado\/"},"author":{"name":"komunika","@id":"https:\/\/franciscodevitoria.eus\/#\/schema\/person\/5a019060cfe53ae2be38b9f103876ca5"},"headline":"Basquetour firma un convenio con los tres centros p\u00fablicos de FP de Turismo para colaborar en la formaci\u00f3n del alumnado","datePublished":"2022-03-25T10:16:26+00:00","dateModified":"2022-04-07T10:16:40+00:00","mainEntityOfPage":{"@id":"https:\/\/franciscodevitoria.eus\/eu\/basquetour-firma-un-convenio-con-los-tres-centros-publicos-de-fp-de-turismo-para-colaborar-en-la-formacion-del-alumnado\/"},"wordCount":489,"commentCount":0,"publisher":{"@id":"https:\/\/franciscodevitoria.eus\/#organization"},"image":{"@id":"https:\/\/franciscodevitoria.eus\/eu\/basquetour-firma-un-convenio-con-los-tres-centros-publicos-de-fp-de-turismo-para-colaborar-en-la-formacion-del-alumnado\/#primaryimage"},"thumbnailUrl":"https:\/\/franciscodevitoria.eus\/wp-content\/uploads\/2022\/03\/noti_principal_03.jpg","keywords":["Arrunta"],"articleSection":["Albisteak"],"inLanguage":"eu-ES","potentialAction":[{"@type":"CommentAction","name":"Comment","target":["https:\/\/franciscodevitoria.eus\/eu\/basquetour-firma-un-convenio-con-los-tres-centros-publicos-de-fp-de-turismo-para-colaborar-en-la-formacion-del-alumnado\/#respond"]}]},{"@type":"WebPage","@id":"https:\/\/franciscodevitoria.eus\/eu\/basquetour-firma-un-convenio-con-los-tres-centros-publicos-de-fp-de-turismo-para-colaborar-en-la-formacion-del-alumnado\/","url":"https:\/\/franciscodevitoria.eus\/eu\/basquetour-firma-un-convenio-con-los-tres-centros-publicos-de-fp-de-turismo-para-colaborar-en-la-formacion-del-alumnado\/","name":"Basquetour firma un convenio con los tres centros p\u00fablicos de FP de Turismo para colaborar en la formaci\u00f3n del alumnado - IES Francisco de Vitoria BHI","isPartOf":{"@id":"https:\/\/franciscodevitoria.eus\/#website"},"primaryImageOfPage":{"@id":"https:\/\/franciscodevitoria.eus\/eu\/basquetour-firma-un-convenio-con-los-tres-centros-publicos-de-fp-de-turismo-para-colaborar-en-la-formacion-del-alumnado\/#primaryimage"},"image":{"@id":"https:\/\/franciscodevitoria.eus\/eu\/basquetour-firma-un-convenio-con-los-tres-centros-publicos-de-fp-de-turismo-para-colaborar-en-la-formacion-del-alumnado\/#primaryimage"},"thumbnailUrl":"https:\/\/franciscodevitoria.eus\/wp-content\/uploads\/2022\/03\/noti_principal_03.jpg","datePublished":"2022-03-25T10:16:26+00:00","dateModified":"2022-04-07T10:16:40+00:00","breadcrumb":{"@id":"https:\/\/franciscodevitoria.eus\/eu\/basquetour-firma-un-convenio-con-los-tres-centros-publicos-de-fp-de-turismo-para-colaborar-en-la-formacion-del-alumnado\/#breadcrumb"},"inLanguage":"eu-ES","potentialAction":[{"@type":"ReadAction","target":["https:\/\/franciscodevitoria.eus\/eu\/basquetour-firma-un-convenio-con-los-tres-centros-publicos-de-fp-de-turismo-para-colaborar-en-la-formacion-del-alumnado\/"]}]},{"@type":"ImageObject","inLanguage":"eu-ES","@id":"https:\/\/franciscodevitoria.eus\/eu\/basquetour-firma-un-convenio-con-los-tres-centros-publicos-de-fp-de-turismo-para-colaborar-en-la-formacion-del-alumnado\/#primaryimage","url":"https:\/\/franciscodevitoria.eus\/wp-content\/uploads\/2022\/03\/noti_principal_03.jpg","contentUrl":"https:\/\/franciscodevitoria.eus\/wp-content\/uploads\/2022\/03\/noti_principal_03.jpg","width":1600,"height":1200},{"@type":"BreadcrumbList","@id":"https:\/\/franciscodevitoria.eus\/eu\/basquetour-firma-un-convenio-con-los-tres-centros-publicos-de-fp-de-turismo-para-colaborar-en-la-formacion-del-alumnado\/#breadcrumb","itemListElement":[{"@type":"ListItem","position":1,"name":"Portada","item":"https:\/\/franciscodevitoria.eus\/eu\/"},{"@type":"ListItem","position":2,"name":"Basquetour firma un convenio con los tres centros&hellip;"}]},{"@type":"WebSite","@id":"https:\/\/franciscodevitoria.eus\/#website","url":"https:\/\/franciscodevitoria.eus\/","name":"IES Francisco de Vitoria BHI","description":"Instituto de Ense\u00f1anza Secundaria - Francisco de Vitoria en Vitoria-Gasteiz (Araba)","publisher":{"@id":"https:\/\/franciscodevitoria.eus\/#organization"},"alternateName":"IES Francisco de Vitoria BHI","potentialAction":[{"@type":"SearchAction","target":{"@type":"EntryPoint","urlTemplate":"https:\/\/franciscodevitoria.eus\/?s={search_term_string}"},"query-input":{"@type":"PropertyValueSpecification","valueRequired":true,"valueName":"search_term_string"}}],"inLanguage":"eu-ES"},{"@type":"Organization","@id":"https:\/\/franciscodevitoria.eus\/#organization","name":"IES Francisco de Vitoria BHI","url":"https:\/\/franciscodevitoria.eus\/","logo":{"@type":"ImageObject","inLanguage":"eu-ES","@id":"https:\/\/franciscodevitoria.eus\/#\/schema\/logo\/image\/","url":"https:\/\/franciscodevitoria.eus\/wp-content\/uploads\/2022\/04\/logo_francisco_vitoria_mail.png","contentUrl":"https:\/\/franciscodevitoria.eus\/wp-content\/uploads\/2022\/04\/logo_francisco_vitoria_mail.png","width":180,"height":78,"caption":"IES Francisco de Vitoria BHI"},"image":{"@id":"https:\/\/franciscodevitoria.eus\/#\/schema\/logo\/image\/"},"sameAs":["https:\/\/www.facebook.com\/IES-Francisco-de-Vitoria-BHI-189128608245045\/","https:\/\/x.com\/IES_FDV_BHI","https:\/\/www.instagram.com\/omij_fdv\/","https:\/\/www.youtube.com\/@FDVStreaming\/streams"]},{"@type":"Person","@id":"https:\/\/franciscodevitoria.eus\/#\/schema\/person\/5a019060cfe53ae2be38b9f103876ca5","name":"komunika","image":{"@type":"ImageObject","inLanguage":"eu-ES","@id":"https:\/\/secure.gravatar.com\/avatar\/a22f2ac29ef785448617c06f66acb86e91041eb5ff01e3e6145cdc0af3989762?s=96&d=mm&r=g","url":"https:\/\/secure.gravatar.com\/avatar\/a22f2ac29ef785448617c06f66acb86e91041eb5ff01e3e6145cdc0af3989762?s=96&d=mm&r=g","contentUrl":"https:\/\/secure.gravatar.com\/avatar\/a22f2ac29ef785448617c06f66acb86e91041eb5ff01e3e6145cdc0af3989762?s=96&d=mm&r=g","caption":"komunika"},"sameAs":["https:\/\/franciscodevitoria.eus"],"url":"https:\/\/franciscodevitoria.eus\/eu\/author\/komunika\/"}]}},"_links":{"self":[{"href":"https:\/\/franciscodevitoria.eus\/eu\/wp-json\/wp\/v2\/posts\/7831","targetHints":{"allow":["GET"]}}],"collection":[{"href":"https:\/\/franciscodevitoria.eus\/eu\/wp-json\/wp\/v2\/posts"}],"about":[{"href":"https:\/\/franciscodevitoria.eus\/eu\/wp-json\/wp\/v2\/types\/post"}],"author":[{"embeddable":true,"href":"https:\/\/franciscodevitoria.eus\/eu\/wp-json\/wp\/v2\/users\/1"}],"replies":[{"embeddable":true,"href":"https:\/\/franciscodevitoria.eus\/eu\/wp-json\/wp\/v2\/comments?post=7831"}],"version-history":[{"count":1,"href":"https:\/\/franciscodevitoria.eus\/eu\/wp-json\/wp\/v2\/posts\/7831\/revisions"}],"predecessor-version":[{"id":7832,"href":"https:\/\/franciscodevitoria.eus\/eu\/wp-json\/wp\/v2\/posts\/7831\/revisions\/7832"}],"wp:featuredmedia":[{"embeddable":true,"href":"https:\/\/franciscodevitoria.eus\/eu\/wp-json\/wp\/v2\/media\/7821"}],"wp:attachment":[{"href":"https:\/\/franciscodevitoria.eus\/eu\/wp-json\/wp\/v2\/media?parent=7831"}],"wp:term":[{"taxonomy":"category","embeddable":true,"href":"https:\/\/franciscodevitoria.eus\/eu\/wp-json\/wp\/v2\/categories?post=7831"},{"taxonomy":"post_tag","embeddable":true,"href":"https:\/\/franciscodevitoria.eus\/eu\/wp-json\/wp\/v2\/tags?post=7831"},{"taxonomy":"post_series","embeddable":true,"href":"https:\/\/franciscodevitoria.eus\/eu\/wp-json\/wp\/v2\/post_series?post=7831"}],"curies":[{"name":"wp","href":"https:\/\/api.w.org\/{rel}","templated":true}]}}